{"id":1355,"date":"2025-04-23T10:00:03","date_gmt":"2025-04-23T07:00:03","guid":{"rendered":"https:\/\/roxmedya.com.tr\/blog\/?p=1355"},"modified":"2025-11-03T14:50:35","modified_gmt":"2025-11-03T11:50:35","slug":"instagramda-ortak-paylasim","status":"publish","type":"post","link":"https:\/\/roxmedya.com.tr\/blog\/instagramda-ortak-paylasim\/","title":{"rendered":"Instagram&#8217;da Ortak Payla\u015f\u0131m Nas\u0131l Yap\u0131l\u0131r?"},"content":{"rendered":"<p><span style=\"font-weight: 400;\">Instagram, kullan\u0131c\u0131lar\u0131n etkile\u015fimini art\u0131rmak ve daha geni\u015f kitlelere ula\u015fmak amac\u0131yla &#8220;Collab&#8221; ad\u0131 verilen ortak payla\u015f\u0131m \u00f6zelli\u011fini sunmaktad\u0131r. Bu \u00f6zellik sayesinde bir g\u00f6nderi veya Reels videosu iki farkl\u0131 hesab\u0131n profillerinde ayn\u0131 anda yay\u0131nlanabilir ve her iki hesab\u0131n takip\u00e7ilerine de ula\u015f\u0131r. \u0130\u00e7eri\u011fimizde Instagram&#8217;da ortak payla\u015f\u0131m nas\u0131l yap\u0131l\u0131r, sorunsunu cevaplayaca\u011f\u0131z. Ayn\u0131 zamanda avantajlar\u0131n\u0131 ve dikkat edilmesi gereken noktalar\u0131 detayl\u0131 bir \u015fekilde ele alaca\u011f\u0131z.<\/span><\/p>\n<h2><span style=\"font-weight: 400;\">Instagram&#8217;da Ortak G\u00f6nderi Nas\u0131l Yap\u0131l\u0131r?<\/span><\/h2>\n<p><span style=\"font-weight: 400;\">Instagram&#8217;da iki ki\u015fi ortak payla\u015f\u0131m olu\u015fturmak i\u00e7in a\u015fa\u011f\u0131daki ad\u0131mlar\u0131 izleyebilirsiniz:<\/span><\/p>\n<ul>\n<li style=\"font-weight: 400;\" aria-level=\"1\"><span style=\"font-weight: 400;\">Hesab\u0131n\u0131za giri\u015f yap\u0131n ve ana sayfada sa\u011f \u00fcst k\u00f6\u015fedeki &#8220;+&#8221; simgesine dokunarak yeni bir g\u00f6nderi veya Reels olu\u015fturma ekran\u0131na ge\u00e7in.<\/span><\/li>\n<\/ul>\n<p><img decoding=\"async\" class=\"alignnone wp-image-1357 size-large\" src=\"https:\/\/roxmedya.com.tr\/blog\/wp-content\/uploads\/2025\/04\/Instagramda-Ortak-Gonderi-Nasil-Yapilir-473x1024.webp\" alt=\"Instagram'da Ortak G\u00f6nderi Nas\u0131l Yap\u0131l\u0131r?\" width=\"473\" height=\"1024\" srcset=\"https:\/\/roxmedya.com.tr\/blog\/wp-content\/uploads\/2025\/04\/Instagramda-Ortak-Gonderi-Nasil-Yapilir-473x1024.webp 473w, https:\/\/roxmedya.com.tr\/blog\/wp-content\/uploads\/2025\/04\/Instagramda-Ortak-Gonderi-Nasil-Yapilir-139x300.webp 139w, https:\/\/roxmedya.com.tr\/blog\/wp-content\/uploads\/2025\/04\/Instagramda-Ortak-Gonderi-Nasil-Yapilir-768x1662.webp 768w, https:\/\/roxmedya.com.tr\/blog\/wp-content\/uploads\/2025\/04\/Instagramda-Ortak-Gonderi-Nasil-Yapilir-710x1536.webp 710w, https:\/\/roxmedya.com.tr\/blog\/wp-content\/uploads\/2025\/04\/Instagramda-Ortak-Gonderi-Nasil-Yapilir.webp 828w\" sizes=\"(max-width: 473px) 100vw, 473px\" \/><\/p>\n<ul>\n<li style=\"font-weight: 400;\" aria-level=\"1\"><span style=\"font-weight: 400;\">Payla\u015fmak istedi\u011finiz foto\u011fraf veya videoyu se\u00e7in, ard\u0131ndan filtreler ve d\u00fczenleme ara\u00e7lar\u0131yla i\u00e7eri\u011finizi istedi\u011finiz gibi d\u00fczenleyin.<\/span><\/li>\n<\/ul>\n<p><img decoding=\"async\" class=\"alignnone wp-image-1358 size-large\" src=\"https:\/\/roxmedya.com.tr\/blog\/wp-content\/uploads\/2025\/04\/Instagramda-Ortak-Gonderi-Nasil-Yapilir2-473x1024.webp\" alt=\"Instagram'da Ortak G\u00f6nderi Nas\u0131l Yap\u0131l\u0131r?\" width=\"473\" height=\"1024\" srcset=\"https:\/\/roxmedya.com.tr\/blog\/wp-content\/uploads\/2025\/04\/Instagramda-Ortak-Gonderi-Nasil-Yapilir2-473x1024.webp 473w, https:\/\/roxmedya.com.tr\/blog\/wp-content\/uploads\/2025\/04\/Instagramda-Ortak-Gonderi-Nasil-Yapilir2-139x300.webp 139w, https:\/\/roxmedya.com.tr\/blog\/wp-content\/uploads\/2025\/04\/Instagramda-Ortak-Gonderi-Nasil-Yapilir2-768x1662.webp 768w, https:\/\/roxmedya.com.tr\/blog\/wp-content\/uploads\/2025\/04\/Instagramda-Ortak-Gonderi-Nasil-Yapilir2-710x1536.webp 710w, https:\/\/roxmedya.com.tr\/blog\/wp-content\/uploads\/2025\/04\/Instagramda-Ortak-Gonderi-Nasil-Yapilir2.webp 828w\" sizes=\"(max-width: 473px) 100vw, 473px\" \/><\/p>\n<ul>\n<li style=\"font-weight: 400;\" aria-level=\"1\"><span style=\"font-weight: 400;\">D\u00fczenleme i\u015flemi tamamland\u0131ktan sonra, a\u00e7\u0131klama ekleme ekran\u0131nda &#8220;Ki\u015fileri Etiketle&#8221; se\u00e7ene\u011fine dokunun.<\/span><\/li>\n<\/ul>\n<p><img decoding=\"async\" class=\"alignnone wp-image-1359 size-large\" src=\"https:\/\/roxmedya.com.tr\/blog\/wp-content\/uploads\/2025\/04\/Instagramda-Ortak-Gonderi-Nasil-Yapilir3-473x1024.webp\" alt=\"Instagram'da Ortak G\u00f6nderi Nas\u0131l Yap\u0131l\u0131r?\" width=\"473\" height=\"1024\" srcset=\"https:\/\/roxmedya.com.tr\/blog\/wp-content\/uploads\/2025\/04\/Instagramda-Ortak-Gonderi-Nasil-Yapilir3-473x1024.webp 473w, https:\/\/roxmedya.com.tr\/blog\/wp-content\/uploads\/2025\/04\/Instagramda-Ortak-Gonderi-Nasil-Yapilir3-139x300.webp 139w, https:\/\/roxmedya.com.tr\/blog\/wp-content\/uploads\/2025\/04\/Instagramda-Ortak-Gonderi-Nasil-Yapilir3-768x1662.webp 768w, https:\/\/roxmedya.com.tr\/blog\/wp-content\/uploads\/2025\/04\/Instagramda-Ortak-Gonderi-Nasil-Yapilir3-710x1536.webp 710w, https:\/\/roxmedya.com.tr\/blog\/wp-content\/uploads\/2025\/04\/Instagramda-Ortak-Gonderi-Nasil-Yapilir3.webp 828w\" sizes=\"(max-width: 473px) 100vw, 473px\" \/><\/p>\n<ul>\n<li style=\"font-weight: 400;\" aria-level=\"1\"><span style=\"font-weight: 400;\">A\u00e7\u0131lan ekranda, &#8220;Katk\u0131da Bulunan Davet Et&#8221; se\u00e7ene\u011fini se\u00e7in. Bu se\u00e7enek ortak payla\u015f\u0131m yapmak istedi\u011finiz ki\u015fiyi davet etmenizi sa\u011flar.<\/span><\/li>\n<\/ul>\n<p><img decoding=\"async\" class=\"alignnone wp-image-1360 size-large\" src=\"https:\/\/roxmedya.com.tr\/blog\/wp-content\/uploads\/2025\/04\/Instagramda-Ortak-Gonderi-Nasil-Yapilir4-473x1024.webp\" alt=\"Instagram'da Ortak G\u00f6nderi Nas\u0131l Yap\u0131l\u0131r?\" width=\"473\" height=\"1024\" srcset=\"https:\/\/roxmedya.com.tr\/blog\/wp-content\/uploads\/2025\/04\/Instagramda-Ortak-Gonderi-Nasil-Yapilir4-473x1024.webp 473w, https:\/\/roxmedya.com.tr\/blog\/wp-content\/uploads\/2025\/04\/Instagramda-Ortak-Gonderi-Nasil-Yapilir4-139x300.webp 139w, https:\/\/roxmedya.com.tr\/blog\/wp-content\/uploads\/2025\/04\/Instagramda-Ortak-Gonderi-Nasil-Yapilir4-768x1662.webp 768w, https:\/\/roxmedya.com.tr\/blog\/wp-content\/uploads\/2025\/04\/Instagramda-Ortak-Gonderi-Nasil-Yapilir4-710x1536.webp 710w, https:\/\/roxmedya.com.tr\/blog\/wp-content\/uploads\/2025\/04\/Instagramda-Ortak-Gonderi-Nasil-Yapilir4.webp 828w\" sizes=\"(max-width: 473px) 100vw, 473px\" \/><\/p>\n<ul>\n<li style=\"font-weight: 400;\" aria-level=\"1\"><span style=\"font-weight: 400;\">Arama \u00e7ubu\u011funu kullanarak i\u015f birli\u011fi yapmak istedi\u011finiz kullan\u0131c\u0131n\u0131n ad\u0131n\u0131 girin ve ilgili hesab\u0131 se\u00e7in.<\/span><\/li>\n<\/ul>\n<p><img decoding=\"async\" class=\"alignnone wp-image-1361 size-large\" src=\"https:\/\/roxmedya.com.tr\/blog\/wp-content\/uploads\/2025\/04\/Instagramda-Ortak-Gonderi-Nasil-Yapilir5-473x1024.webp\" alt=\"Instagram'da Ortak G\u00f6nderi Nas\u0131l Yap\u0131l\u0131r?\" width=\"473\" height=\"1024\" srcset=\"https:\/\/roxmedya.com.tr\/blog\/wp-content\/uploads\/2025\/04\/Instagramda-Ortak-Gonderi-Nasil-Yapilir5-473x1024.webp 473w, https:\/\/roxmedya.com.tr\/blog\/wp-content\/uploads\/2025\/04\/Instagramda-Ortak-Gonderi-Nasil-Yapilir5-139x300.webp 139w, https:\/\/roxmedya.com.tr\/blog\/wp-content\/uploads\/2025\/04\/Instagramda-Ortak-Gonderi-Nasil-Yapilir5-768x1662.webp 768w, https:\/\/roxmedya.com.tr\/blog\/wp-content\/uploads\/2025\/04\/Instagramda-Ortak-Gonderi-Nasil-Yapilir5-710x1536.webp 710w, https:\/\/roxmedya.com.tr\/blog\/wp-content\/uploads\/2025\/04\/Instagramda-Ortak-Gonderi-Nasil-Yapilir5.webp 828w\" sizes=\"(max-width: 473px) 100vw, 473px\" \/><\/p>\n<ul>\n<li style=\"font-weight: 400;\" aria-level=\"1\"><span style=\"font-weight: 400;\">T\u00fcm ayarlar\u0131 yapt\u0131ktan sonra g\u00f6nderinizi payla\u015f\u0131n.<\/span><\/li>\n<li style=\"font-weight: 400;\" aria-level=\"1\"><span style=\"font-weight: 400;\">Davet g\u00f6nderdi\u011finiz kullan\u0131c\u0131, i\u015fbirli\u011fi davetinizi kabul etti\u011finde g\u00f6nderi her iki profilinizde de g\u00f6r\u00fcnecektir.<\/span><\/li>\n<\/ul>\n<h2><span style=\"font-weight: 400;\">Instagram&#8217;da Ortak G\u00f6nderi (Collab) \u00d6zelli\u011fi Nedir?<\/span><\/h2>\n<p><span style=\"font-weight: 400;\">Instagram&#8217;\u0131n Collab \u00f6zelli\u011fi, iki kullan\u0131c\u0131n\u0131n ayn\u0131 g\u00f6nderi veya Reels videosunu ortakla\u015fa payla\u015fmas\u0131na olanak tan\u0131r. Bu sayede i\u00e7erik her iki kullan\u0131c\u0131n\u0131n profilinde de g\u00f6r\u00fcn\u00fcr ve be\u011feni, yorum gibi etkile\u015fimler her iki hesap i\u00e7in ortak olarak say\u0131l\u0131r. Instagram ortak g\u00f6nderi \u00f6zelli\u011fi markalar, i\u00e7erik \u00fcreticileri ve influencer&#8217;lar i\u00e7in i\u015f birliklerini daha g\u00f6r\u00fcn\u00fcr k\u0131lmak ad\u0131na b\u00fcy\u00fck bir f\u0131rsat sunar.<\/span><\/p>\n<h2><span style=\"font-weight: 400;\">Ortak G\u00f6nderi Daveti Nas\u0131l Kabul Edilir?<\/span><\/h2>\n<p><span style=\"font-weight: 400;\">Bir kullan\u0131c\u0131 sizi ortak bir g\u00f6nderiye davet etti\u011finde daveti kabul etmek i\u00e7in a\u015fa\u011f\u0131daki ad\u0131mlar\u0131 izleyin:<\/span><\/p>\n<ol>\n<li style=\"font-weight: 400;\" aria-level=\"1\"><span style=\"font-weight: 400;\">Instagram uygulamas\u0131nda, davet bildirimi alacaks\u0131n\u0131z. <\/span><\/li>\n<li style=\"font-weight: 400;\" aria-level=\"1\"><span style=\"font-weight: 400;\">Bildirime dokunun.<\/span><\/li>\n<li style=\"font-weight: 400;\" aria-level=\"1\"><span style=\"font-weight: 400;\">A\u00e7\u0131lan ekranda g\u00f6nderiyi ve daveti g\u00f6nderen kullan\u0131c\u0131y\u0131 g\u00f6receksiniz.<\/span><\/li>\n<li style=\"font-weight: 400;\" aria-level=\"1\"><span style=\"font-weight: 400;\">&#8220;Kabul Et&#8221; se\u00e7ene\u011fine dokunarak daveti onaylay\u0131n.<\/span><\/li>\n<li style=\"font-weight: 400;\" aria-level=\"1\"><span style=\"font-weight: 400;\">Bu i\u015flemden sonra g\u00f6nderi profilinizde de g\u00f6r\u00fcnecektir.<\/span><\/li>\n<\/ol>\n<h3><span style=\"font-weight: 400;\">Instagram Ortak Hikaye Payla\u015fma M\u00fcmk\u00fcn m\u00fc?<\/span><\/h3>\n<p><span style=\"font-weight: 400;\">\u015eu an i\u00e7in instagram ortak hikaye payla\u015fma gibi bir \u00f6zellik do\u011frudan sunulmamaktad\u0131r. Ancak kullan\u0131c\u0131lar birbirlerinin hikayelerini kendi hikayelerinde payla\u015farak dolayl\u0131 yoldan bir i\u015f birli\u011fi yapabilirler. Bu y\u00f6ntem \u00f6zellikle etkinlikler veya ortak projeler i\u00e7in kullan\u0131labilir.<\/span><\/p>\n<h2><span style=\"font-weight: 400;\">Instagram&#8217;da Ortak Payla\u015f\u0131m Avantajlar\u0131 Nelerdir?<\/span><\/h2>\n<p><img decoding=\"async\" class=\"alignnone wp-image-1823 size-full\" src=\"https:\/\/roxmedya.com.tr\/blog\/wp-content\/uploads\/2025\/04\/instagram-ortak-paylasimin-avantajlari-nelerdir.jpg\" alt=\"Instagram Ortak Payla\u015f\u0131m\u0131n Avantajlar\u0131 Nelerdir?\" width=\"752\" height=\"440\" srcset=\"https:\/\/roxmedya.com.tr\/blog\/wp-content\/uploads\/2025\/04\/instagram-ortak-paylasimin-avantajlari-nelerdir.jpg 752w, https:\/\/roxmedya.com.tr\/blog\/wp-content\/uploads\/2025\/04\/instagram-ortak-paylasimin-avantajlari-nelerdir-300x176.jpg 300w\" sizes=\"(max-width: 752px) 100vw, 752px\" \/><\/p>\n<p><span style=\"font-weight: 400;\">Instagram&#8217;da ortak payla\u015f\u0131m, sosyal medyada i\u015f birliklerini daha etkili ve verimli hale getiren g\u00fc\u00e7l\u00fc bir ara\u00e7t\u0131r. Bu y\u00f6ntemle hem i\u00e7erik \u00fcreticileri hem de markalar, i\u00e7eriklerini daha fazla ki\u015fiye ula\u015ft\u0131rabilir. Etkile\u015fim oranlar\u0131n\u0131n artmas\u0131 ise organik eri\u015fimi do\u011frudan etkiler. Ortak payla\u015f\u0131m Instagram yapman\u0131n avantajlar\u0131 aras\u0131nda \u015funlar yer almaktad\u0131r:<\/span><\/p>\n<ul>\n<li style=\"font-weight: 400;\" aria-level=\"1\"><b>Daha Geni\u015f Kitlelere Ula\u015f\u0131m<\/b><span style=\"font-weight: 400;\">: G\u00f6nderi, her iki kullan\u0131c\u0131n\u0131n takip\u00e7ilerine de g\u00f6sterildi\u011fi i\u00e7in eri\u015fim alan\u0131 geni\u015fler.<\/span><\/li>\n<li style=\"font-weight: 400;\" aria-level=\"1\"><b>Etkile\u015fim Art\u0131\u015f\u0131<\/b><span style=\"font-weight: 400;\">: Be\u011feni, yorum ve payla\u015f\u0131m gibi etkile\u015fimler birle\u015fti\u011fi i\u00e7in toplam etkile\u015fim oran\u0131 artar.<\/span><\/li>\n<li style=\"font-weight: 400;\" aria-level=\"1\"><b>\u0130\u015f Birliklerinin G\u00fc\u00e7lenmesi<\/b><span style=\"font-weight: 400;\">: Markalar ve i\u00e7erik \u00fcreticileri aras\u0131ndaki i\u015f birlikleri daha g\u00f6r\u00fcn\u00fcr hale gelir.<\/span><\/li>\n<\/ul>\n<p><span style=\"font-weight: 400;\">Yukar\u0131daki avantajlar sayesinde ortak payla\u015f\u0131mlar, \u00f6zellikle kampanya ve tan\u0131t\u0131m d\u00f6nemlerinde tercih edilen bir strateji haline gelmi\u015ftir. Markalar hedef kitlelerine ula\u015f\u0131rken ayn\u0131 zamanda g\u00fcvenilirliklerini de art\u0131r\u0131r. Bu y\u00f6ntem sosyal medyada daha kal\u0131c\u0131 ve etkili bir iz b\u0131rakmak isteyen herkes i\u00e7in idealdir.<\/span><\/p>\n<h2><span style=\"font-weight: 400;\">Instagram&#8217;da Ortak Payla\u015f\u0131m Yaparken Dikkat Edilmesi Gereken Noktalar<\/span><\/h2>\n<p><span style=\"font-weight: 400;\">Instagram&#8217;da ortak payla\u015f\u0131m yaparken sadece i\u015f birli\u011fi f\u0131rsatlar\u0131n\u0131 de\u011fil, teknik detaylar\u0131 da g\u00f6z \u00f6n\u00fcnde bulundurmak gerekir. Do\u011fru ki\u015filerle ve do\u011fru ayarlarla yap\u0131lan ortak payla\u015f\u0131mlar, daha etkili sonu\u00e7lar do\u011furur. Aksi takdirde, etkile\u015fim ve g\u00f6r\u00fcn\u00fcrl\u00fck beklenenin alt\u0131nda kalabilir.<\/span><\/p>\n<ul>\n<li style=\"font-weight: 400;\" aria-level=\"1\"><b>Hesap T\u00fcr\u00fc<\/b><span style=\"font-weight: 400;\">: Ortak g\u00f6nderi \u00f6zelli\u011fi, yaln\u0131zca herkese a\u00e7\u0131k hesaplar aras\u0131nda kullan\u0131labilir. E\u011fer hesab\u0131n\u0131z gizliyse bu \u00f6zelli\u011fi kullanamazs\u0131n\u0131z.<\/span><\/li>\n<li style=\"font-weight: 400;\" aria-level=\"1\"><b>Tek Seferlik Davet<\/b><span style=\"font-weight: 400;\">: G\u00f6nderi yay\u0131nland\u0131ktan sonra ortak \u00e7al\u0131\u015fan eklenemez veya \u00e7\u0131kar\u0131lamaz. Bu nedenle payla\u015f\u0131m \u00f6ncesinde t\u00fcm ayarlar\u0131n do\u011fru yap\u0131ld\u0131\u011f\u0131ndan emin olun.<\/span><\/li>\n<li style=\"font-weight: 400;\" aria-level=\"1\"><b>\u0130\u00e7erik Uyumu<\/b><span style=\"font-weight: 400;\">: Ortak payla\u015f\u0131m yapaca\u011f\u0131n\u0131z ki\u015finin i\u00e7erik tarz\u0131 ve hedef kitlesiyle uyumlu olup olmad\u0131\u011f\u0131n\u0131 de\u011ferlendirin. Uyumsuz i\u015f birlikleri beklenen etkiyi yaratmayabilir.<\/span><\/li>\n<\/ul>\n<p><span style=\"font-weight: 400;\">Instagram ortak payla\u015f\u0131m \u00f6zelli\u011fi kullan\u0131c\u0131lar\u0131n birlikte \u00e7al\u0131\u015farak daha geni\u015f kitlelere ula\u015fmas\u0131n\u0131 ve etkile\u015fimlerini art\u0131rmas\u0131n\u0131 sa\u011flar. Do\u011fru strateji ve i\u015f birlikleriyle bu \u00f6zellik markalar ve i\u00e7erik \u00fcreticileri i\u00e7in \u00f6nemli bir ara\u00e7 haline gelebilir.<\/span><\/p>\n<h2><span style=\"font-weight: 400;\">Instagram&#8217;da Ortak Payla\u015f\u0131m \u00d6zelli\u011fi Kimler \u0130\u00e7in Uygundur?<\/span><\/h2>\n<p><img decoding=\"async\" class=\"alignnone wp-image-1363 size-large\" src=\"https:\/\/roxmedya.com.tr\/blog\/wp-content\/uploads\/2025\/04\/Instagram-Ortak-Gonderi-Ozelligi-Kimler-Icin-Uygundur_-1024x722.webp\" alt=\"Instagram Ortak G\u00f6nderi \u00d6zelli\u011fi Kimler \u0130\u00e7in Uygundur?\" width=\"1024\" height=\"722\" srcset=\"https:\/\/roxmedya.com.tr\/blog\/wp-content\/uploads\/2025\/04\/Instagram-Ortak-Gonderi-Ozelligi-Kimler-Icin-Uygundur_-1024x722.webp 1024w, https:\/\/roxmedya.com.tr\/blog\/wp-content\/uploads\/2025\/04\/Instagram-Ortak-Gonderi-Ozelligi-Kimler-Icin-Uygundur_-300x212.webp 300w, https:\/\/roxmedya.com.tr\/blog\/wp-content\/uploads\/2025\/04\/Instagram-Ortak-Gonderi-Ozelligi-Kimler-Icin-Uygundur_-768x541.webp 768w, https:\/\/roxmedya.com.tr\/blog\/wp-content\/uploads\/2025\/04\/Instagram-Ortak-Gonderi-Ozelligi-Kimler-Icin-Uygundur_.webp 1400w\" sizes=\"(max-width: 1024px) 100vw, 1024px\" \/><\/p>\n<p><span style=\"font-weight: 400;\">Instagram&#8217;da ortak g\u00f6nderi payla\u015fma \u00f6zelli\u011fi her kullan\u0131c\u0131 i\u00e7in uygun olarak g\u00f6z\u00fckebilir. Ancak \u00f6zellikle a\u015fa\u011f\u0131daki gruplar i\u00e7in olduk\u00e7a faydal\u0131d\u0131r:<\/span><\/p>\n<ul>\n<li style=\"font-weight: 400;\" aria-level=\"1\"><b>Influencerlar ve i\u00e7erik \u00fcreticileri:<\/b><span style=\"font-weight: 400;\"> Takip\u00e7i kitlesini geni\u015fletmek ve markalarla i\u015f birli\u011fi yapmak isteyen i\u00e7erik \u00fcreticileri i\u00e7in m\u00fckemmel bir ara\u00e7t\u0131r.<\/span><\/li>\n<li style=\"font-weight: 400;\" aria-level=\"1\"><b>Markalar:<\/b><span style=\"font-weight: 400;\"> \u00dcr\u00fcn veya kampanya tan\u0131t\u0131mlar\u0131n\u0131 influencer\u2019lar veya i\u015f ortaklar\u0131 ile birlikte yaparak eri\u015fimlerini art\u0131rabilirler.<\/span><\/li>\n<li style=\"font-weight: 400;\" aria-level=\"1\"><b>KOB\u0130\u2019ler ve yeni giri\u015fimler:<\/b><span style=\"font-weight: 400;\"> Daha b\u00fcy\u00fck bir kitleye ula\u015fmak i\u00e7in i\u015f birlikleri yaparak marka bilinirli\u011fini art\u0131rabilirler.<\/span><\/li>\n<li style=\"font-weight: 400;\" aria-level=\"1\"><b>Organizat\u00f6rler:<\/b><span style=\"font-weight: 400;\"> Ortak etkinlik, konser ya da seminer gibi organizasyonlar\u0131 birlikte tan\u0131tmak isteyen kurum ve bireyler bu \u00f6zellikten faydalanabilir.<\/span><\/li>\n<\/ul>\n<p><span style=\"font-weight: 400;\">Instagram ortak payla\u015f\u0131m \u00f6zelli\u011fi iki hesab\u0131n g\u00fcc\u00fcn\u00fc birle\u015ftirerek daha fazla ki\u015fiye ula\u015fman\u0131z\u0131 ve etkile\u015fimlerinizi art\u0131rman\u0131z\u0131 sa\u011flar. \u0130ster bir markayla \u00e7al\u0131\u015f\u0131yor olun, ister bir arkada\u015f\u0131n\u0131zla birlikte i\u00e7erik \u00fcretiyor olun. Bu \u00f6zellik sayesinde her iki taraf da kazan\u00e7l\u0131 \u00e7\u0131kar. \u0130\u00e7eri\u011finizin daha fazla kullan\u0131c\u0131ya ula\u015fmas\u0131 markan\u0131z\u0131n ya da ki\u015fisel profilinizin g\u00f6r\u00fcn\u00fcrl\u00fc\u011f\u00fcn\u00fc art\u0131r\u0131r.<\/span><\/p>\n<h2>S\u0131k\u00e7a Sorulan Sorular<\/h2>\n        <section class=\"sc_fs_faq sc_card \">\n            <div>\n\t\t\t\t<h3>Instagram\u2019da Ortak Post Payla\u015f\u0131m\u0131 Hangi \u0130\u00e7erik T\u00fcrlerinde Ge\u00e7erli?<\/h3>                <div>\n\t\t\t\t\t                    <p>\n\t\t\t\t\t\tInstagram\u2019da ortak post payla\u015f\u0131m\u0131 g\u00f6nderiler ve Reels i\u00e7erikleri i\u00e7in ge\u00e7erlidir. Hikayelerde ve canl\u0131 yay\u0131nlarda bu \u00f6zellik kullan\u0131lamaz. Ayr\u0131ca al\u0131\u015fveri\u015f etiketli baz\u0131 g\u00f6nderilerde de Collab \u00f6zelli\u011fi devre d\u0131\u015f\u0131 olabilir.                    <\/p>\n                <\/div>\n            <\/div>\n        <\/section>\n\t\t        <section class=\"sc_fs_faq sc_card \">\n            <div>\n\t\t\t\t<h3>Instagram \u00c7apraz Payla\u015f\u0131m Nas\u0131l Yap\u0131l\u0131r?<\/h3>                <div>\n\t\t\t\t\t                    <p>\n\t\t\t\t\t\tInstagram\u2019da \u00e7apraz payla\u015f\u0131m bir i\u00e7eri\u011fin ayn\u0131 anda ba\u015fka bir platformda da payla\u015f\u0131lmas\u0131 anlam\u0131na gelir. G\u00f6nderi payla\u015f\u0131rken 'Ayn\u0131 anda payla\u015f' se\u00e7eneklerinden Facebook, Twitter veya Tumblr gibi platformlar se\u00e7ilerek \u00e7apraz payla\u015f\u0131m yap\u0131labilir. Bu entegrasyonlar\u0131 aktif etmek i\u00e7in Instagram ayarlar\u0131ndan ilgili hesaplar ba\u011flanmal\u0131d\u0131r.                    <\/p>\n                <\/div>\n            <\/div>\n        <\/section>\n\t\t        <section class=\"sc_fs_faq sc_card \">\n            <div>\n\t\t\t\t<h3>Instagram&#039;da Ortak Etiket Nas\u0131l Kullan\u0131l\u0131r?<\/h3>                <div>\n\t\t\t\t\t                    <p>\n\t\t\t\t\t\tInstagram'da ortak etiket kullanmak i\u00e7in bir g\u00f6nderi veya Reels olu\u015fturduktan sonra 'Ki\u015fileri Etiketle' se\u00e7ene\u011fine dokunun. Ard\u0131ndan 'Katk\u0131da Bulunan Ki\u015fileri Davet Et' se\u00e7ene\u011fini se\u00e7erek i\u015f birli\u011fi yapmak istedi\u011finiz ki\u015fiyi ekleyin. Kar\u015f\u0131 taraf daveti kabul etti\u011finde g\u00f6nderi her iki hesaptan da payla\u015f\u0131lm\u0131\u015f olur.                    <\/p>\n                <\/div>\n            <\/div>\n        <\/section>\n\t\t\n<script type=\"application\/ld+json\">\n    {\n\t\t\"@context\": \"https:\/\/schema.org\",\n\t\t\"@type\": \"FAQPage\",\n\t\t\"mainEntity\": [\n\t\t\t\t{\n\t\t\t\t\"@type\": \"Question\",\n\t\t\t\t\"name\": \"Instagram\u2019da Ortak Post Payla\u015f\u0131m\u0131 Hangi \u0130\u00e7erik T\u00fcrlerinde Ge\u00e7erli?\",\n\t\t\t\t\"acceptedAnswer\": {\n\t\t\t\t\t\"@type\": \"Answer\",\n\t\t\t\t\t\"text\": \"Instagram\u2019da ortak post payla\u015f\u0131m\u0131 g\u00f6nderiler ve Reels i\u00e7erikleri i\u00e7in ge\u00e7erlidir. Hikayelerde ve canl\u0131 yay\u0131nlarda bu \u00f6zellik kullan\u0131lamaz. Ayr\u0131ca al\u0131\u015fveri\u015f etiketli baz\u0131 g\u00f6nderilerde de Collab \u00f6zelli\u011fi devre d\u0131\u015f\u0131 olabilir.\"\n\t\t\t\t\t\t\t\t\t}\n\t\t\t}\n\t\t\t,\t\t\t\t{\n\t\t\t\t\"@type\": \"Question\",\n\t\t\t\t\"name\": \"Instagram \u00c7apraz Payla\u015f\u0131m Nas\u0131l Yap\u0131l\u0131r?\",\n\t\t\t\t\"acceptedAnswer\": {\n\t\t\t\t\t\"@type\": \"Answer\",\n\t\t\t\t\t\"text\": \"Instagram\u2019da \u00e7apraz payla\u015f\u0131m bir i\u00e7eri\u011fin ayn\u0131 anda ba\u015fka bir platformda da payla\u015f\u0131lmas\u0131 anlam\u0131na gelir. G\u00f6nderi payla\u015f\u0131rken 'Ayn\u0131 anda payla\u015f' se\u00e7eneklerinden Facebook, Twitter veya Tumblr gibi platformlar se\u00e7ilerek \u00e7apraz payla\u015f\u0131m yap\u0131labilir. Bu entegrasyonlar\u0131 aktif etmek i\u00e7in Instagram ayarlar\u0131ndan ilgili hesaplar ba\u011flanmal\u0131d\u0131r.\"\n\t\t\t\t\t\t\t\t\t}\n\t\t\t}\n\t\t\t,\t\t\t\t{\n\t\t\t\t\"@type\": \"Question\",\n\t\t\t\t\"name\": \"Instagram'da Ortak Etiket Nas\u0131l Kullan\u0131l\u0131r?\",\n\t\t\t\t\"acceptedAnswer\": {\n\t\t\t\t\t\"@type\": \"Answer\",\n\t\t\t\t\t\"text\": \"Instagram'da ortak etiket kullanmak i\u00e7in bir g\u00f6nderi veya Reels olu\u015fturduktan sonra 'Ki\u015fileri Etiketle' se\u00e7ene\u011fine dokunun. Ard\u0131ndan 'Katk\u0131da Bulunan Ki\u015fileri Davet Et' se\u00e7ene\u011fini se\u00e7erek i\u015f birli\u011fi yapmak istedi\u011finiz ki\u015fiyi ekleyin. Kar\u015f\u0131 taraf daveti kabul etti\u011finde g\u00f6nderi her iki hesaptan da payla\u015f\u0131lm\u0131\u015f olur.\"\n\t\t\t\t\t\t\t\t\t}\n\t\t\t}\n\t\t\t\t    ]\n}\n<\/script>\n\n","protected":false},"excerpt":{"rendered":"<p>Instagram, kullan\u0131c\u0131lar\u0131n etkile\u015fimini art\u0131rmak ve daha geni\u015f kitlelere ula\u015fmak amac\u0131yla &#8220;Collab&#8221; ad\u0131 verilen ortak payla\u015f\u0131m \u00f6zelli\u011fini sunmaktad\u0131r. Bu \u00f6zellik sayesinde bir g\u00f6nderi veya Reels videosu iki farkl\u0131 hesab\u0131n profillerinde ayn\u0131 anda yay\u0131nlanabilir ve her iki hesab\u0131n takip\u00e7ilerine de ula\u015f\u0131r. \u0130\u00e7eri\u011fimizde Instagram&#8217;da ortak payla\u015f\u0131m nas\u0131l yap\u0131l\u0131r, sorunsunu cevaplayaca\u011f\u0131z. Ayn\u0131 zamanda avantajlar\u0131n\u0131 ve dikkat edilmesi gereken noktalar\u0131 &hellip;<\/p>\n","protected":false},"author":3,"featured_media":1364,"comment_status":"open","ping_status":"open","sticky":false,"template":"","format":"standard","meta":{"om_disable_all_campaigns":false,"_monsterinsights_skip_tracking":false,"_monsterinsights_sitenote_active":false,"_monsterinsights_sitenote_note":"","_monsterinsights_sitenote_category":0,"footnotes":""},"categories":[3,15],"tags":[],"class_list":["post-1355","post","type-post","status-publish","format-standard","has-post-thumbnail","hentry","category-instagram","category-nasil-yapilir"],"yoast_head":"<!-- This site is optimized with the Yoast SEO plugin v27.4 - https:\/\/yoast.com\/product\/yoast-seo-wordpress\/ -->\n<title>Instagram&#039;da Ortak Payla\u015f\u0131m Nas\u0131l Yap\u0131l\u0131r? - RoxMedya<\/title>\n<meta name=\"description\" content=\"Instagram&#039;da ortak g\u00f6nderi payla\u015f\u0131m\u0131 nas\u0131l yap\u0131l\u0131r? Rehberimizle ortak payla\u015f\u0131m yapman\u0131n detaylar\u0131n\u0131 \u00f6\u011frenin. Detaylar i\u00e7in blogumuzu okuyun.\" \/>\n<meta name=\"robots\" content=\"index, follow, max-snippet:-1, max-image-preview:large, max-video-preview:-1\" \/>\n<link rel=\"canonical\" href=\"https:\/\/roxmedya.com.tr\/blog\/instagramda-ortak-paylasim\/\" \/>\n<meta property=\"og:locale\" content=\"tr_TR\" \/>\n<meta property=\"og:type\" content=\"article\" \/>\n<meta property=\"og:title\" content=\"Instagram&#039;da Ortak Payla\u015f\u0131m Nas\u0131l Yap\u0131l\u0131r? - RoxMedya\" \/>\n<meta property=\"og:description\" content=\"Instagram&#039;da ortak g\u00f6nderi payla\u015f\u0131m\u0131 nas\u0131l yap\u0131l\u0131r? Rehberimizle ortak payla\u015f\u0131m yapman\u0131n detaylar\u0131n\u0131 \u00f6\u011frenin. Detaylar i\u00e7in blogumuzu okuyun.\" \/>\n<meta property=\"og:url\" content=\"https:\/\/roxmedya.com.tr\/blog\/instagramda-ortak-paylasim\/\" \/>\n<meta property=\"og:site_name\" content=\"RoxMedya Blog\" \/>\n<meta property=\"article:published_time\" content=\"2025-04-23T07:00:03+00:00\" \/>\n<meta property=\"article:modified_time\" content=\"2025-11-03T11:50:35+00:00\" \/>\n<meta property=\"og:image\" content=\"https:\/\/roxmedya.com.tr\/blog\/wp-content\/uploads\/2025\/04\/Instagramda-Ortak-Paylasim-Nasil-Yapilir.jpg\" \/>\n\t<meta property=\"og:image:width\" content=\"1920\" \/>\n\t<meta property=\"og:image:height\" content=\"1080\" \/>\n\t<meta property=\"og:image:type\" content=\"image\/jpeg\" \/>\n<meta name=\"author\" content=\"U\u011fur \u00c7akar\" \/>\n<meta name=\"twitter:card\" content=\"summary_large_image\" \/>\n<meta name=\"twitter:label1\" content=\"Yazan:\" \/>\n\t<meta name=\"twitter:data1\" content=\"U\u011fur \u00c7akar\" \/>\n\t<meta name=\"twitter:label2\" content=\"Tahmini okuma s\u00fcresi\" \/>\n\t<meta name=\"twitter:data2\" content=\"7 dakika\" \/>\n<script type=\"application\/ld+json\" class=\"yoast-schema-graph\">{\"@context\":\"https:\\\/\\\/schema.org\",\"@graph\":[{\"@type\":\"Article\",\"@id\":\"https:\\\/\\\/roxmedya.com.tr\\\/blog\\\/instagramda-ortak-paylasim\\\/#article\",\"isPartOf\":{\"@id\":\"https:\\\/\\\/roxmedya.com.tr\\\/blog\\\/instagramda-ortak-paylasim\\\/\"},\"author\":{\"name\":\"U\u011fur \u00c7akar\",\"@id\":\"https:\\\/\\\/roxmedya.com.tr\\\/blog\\\/#\\\/schema\\\/person\\\/5320a07dcbe2b01a7ca8aa199c35e40c\"},\"headline\":\"Instagram&#8217;da Ortak Payla\u015f\u0131m Nas\u0131l Yap\u0131l\u0131r?\",\"datePublished\":\"2025-04-23T07:00:03+00:00\",\"dateModified\":\"2025-11-03T11:50:35+00:00\",\"mainEntityOfPage\":{\"@id\":\"https:\\\/\\\/roxmedya.com.tr\\\/blog\\\/instagramda-ortak-paylasim\\\/\"},\"wordCount\":1322,\"commentCount\":0,\"publisher\":{\"@id\":\"https:\\\/\\\/roxmedya.com.tr\\\/blog\\\/#organization\"},\"image\":{\"@id\":\"https:\\\/\\\/roxmedya.com.tr\\\/blog\\\/instagramda-ortak-paylasim\\\/#primaryimage\"},\"thumbnailUrl\":\"https:\\\/\\\/roxmedya.com.tr\\\/blog\\\/wp-content\\\/uploads\\\/2025\\\/04\\\/Instagramda-Ortak-Paylasim-Nasil-Yapilir.jpg\",\"articleSection\":[\"Instagram\",\"Nas\u0131l Yap\u0131l\u0131r?\"],\"inLanguage\":\"tr\",\"potentialAction\":[{\"@type\":\"CommentAction\",\"name\":\"Comment\",\"target\":[\"https:\\\/\\\/roxmedya.com.tr\\\/blog\\\/instagramda-ortak-paylasim\\\/#respond\"]}]},{\"@type\":\"WebPage\",\"@id\":\"https:\\\/\\\/roxmedya.com.tr\\\/blog\\\/instagramda-ortak-paylasim\\\/\",\"url\":\"https:\\\/\\\/roxmedya.com.tr\\\/blog\\\/instagramda-ortak-paylasim\\\/\",\"name\":\"Instagram'da Ortak Payla\u015f\u0131m Nas\u0131l Yap\u0131l\u0131r? - RoxMedya\",\"isPartOf\":{\"@id\":\"https:\\\/\\\/roxmedya.com.tr\\\/blog\\\/#website\"},\"primaryImageOfPage\":{\"@id\":\"https:\\\/\\\/roxmedya.com.tr\\\/blog\\\/instagramda-ortak-paylasim\\\/#primaryimage\"},\"image\":{\"@id\":\"https:\\\/\\\/roxmedya.com.tr\\\/blog\\\/instagramda-ortak-paylasim\\\/#primaryimage\"},\"thumbnailUrl\":\"https:\\\/\\\/roxmedya.com.tr\\\/blog\\\/wp-content\\\/uploads\\\/2025\\\/04\\\/Instagramda-Ortak-Paylasim-Nasil-Yapilir.jpg\",\"datePublished\":\"2025-04-23T07:00:03+00:00\",\"dateModified\":\"2025-11-03T11:50:35+00:00\",\"description\":\"Instagram'da ortak g\u00f6nderi payla\u015f\u0131m\u0131 nas\u0131l yap\u0131l\u0131r? Rehberimizle ortak payla\u015f\u0131m yapman\u0131n detaylar\u0131n\u0131 \u00f6\u011frenin. Detaylar i\u00e7in blogumuzu okuyun.\",\"breadcrumb\":{\"@id\":\"https:\\\/\\\/roxmedya.com.tr\\\/blog\\\/instagramda-ortak-paylasim\\\/#breadcrumb\"},\"inLanguage\":\"tr\",\"potentialAction\":[{\"@type\":\"ReadAction\",\"target\":[\"https:\\\/\\\/roxmedya.com.tr\\\/blog\\\/instagramda-ortak-paylasim\\\/\"]}]},{\"@type\":\"ImageObject\",\"inLanguage\":\"tr\",\"@id\":\"https:\\\/\\\/roxmedya.com.tr\\\/blog\\\/instagramda-ortak-paylasim\\\/#primaryimage\",\"url\":\"https:\\\/\\\/roxmedya.com.tr\\\/blog\\\/wp-content\\\/uploads\\\/2025\\\/04\\\/Instagramda-Ortak-Paylasim-Nasil-Yapilir.jpg\",\"contentUrl\":\"https:\\\/\\\/roxmedya.com.tr\\\/blog\\\/wp-content\\\/uploads\\\/2025\\\/04\\\/Instagramda-Ortak-Paylasim-Nasil-Yapilir.jpg\",\"width\":1920,\"height\":1080,\"caption\":\"Instagram'da Ortak Paylas\u0327\u0131m Nas\u0131l Yap\u0131l\u0131r?\"},{\"@type\":\"BreadcrumbList\",\"@id\":\"https:\\\/\\\/roxmedya.com.tr\\\/blog\\\/instagramda-ortak-paylasim\\\/#breadcrumb\",\"itemListElement\":[{\"@type\":\"ListItem\",\"position\":1,\"name\":\"Anasayfa\",\"item\":\"https:\\\/\\\/roxmedya.com.tr\\\/blog\\\/\"},{\"@type\":\"ListItem\",\"position\":2,\"name\":\"Instagram&#8217;da Ortak Payla\u015f\u0131m Nas\u0131l Yap\u0131l\u0131r?\"}]},{\"@type\":\"WebSite\",\"@id\":\"https:\\\/\\\/roxmedya.com.tr\\\/blog\\\/#website\",\"url\":\"https:\\\/\\\/roxmedya.com.tr\\\/blog\\\/\",\"name\":\"RoxMedya - Profesyonel Sosyal Medya Hizmetleri\",\"description\":\"\",\"publisher\":{\"@id\":\"https:\\\/\\\/roxmedya.com.tr\\\/blog\\\/#organization\"},\"potentialAction\":[{\"@type\":\"SearchAction\",\"target\":{\"@type\":\"EntryPoint\",\"urlTemplate\":\"https:\\\/\\\/roxmedya.com.tr\\\/blog\\\/?s={search_term_string}\"},\"query-input\":{\"@type\":\"PropertyValueSpecification\",\"valueRequired\":true,\"valueName\":\"search_term_string\"}}],\"inLanguage\":\"tr\"},{\"@type\":\"Organization\",\"@id\":\"https:\\\/\\\/roxmedya.com.tr\\\/blog\\\/#organization\",\"name\":\"RoxMedya - Profesyonel Sosyal Medya Hizmetleri\",\"url\":\"https:\\\/\\\/roxmedya.com.tr\\\/blog\\\/\",\"logo\":{\"@type\":\"ImageObject\",\"inLanguage\":\"tr\",\"@id\":\"https:\\\/\\\/roxmedya.com.tr\\\/blog\\\/#\\\/schema\\\/logo\\\/image\\\/\",\"url\":\"https:\\\/\\\/roxmedya.com.tr\\\/blog\\\/wp-content\\\/uploads\\\/2023\\\/12\\\/basliksiz-2-kurtarildi-112561-870937.png\",\"contentUrl\":\"https:\\\/\\\/roxmedya.com.tr\\\/blog\\\/wp-content\\\/uploads\\\/2023\\\/12\\\/basliksiz-2-kurtarildi-112561-870937.png\",\"width\":1425,\"height\":310,\"caption\":\"RoxMedya - Profesyonel Sosyal Medya Hizmetleri\"},\"image\":{\"@id\":\"https:\\\/\\\/roxmedya.com.tr\\\/blog\\\/#\\\/schema\\\/logo\\\/image\\\/\"}},{\"@type\":\"Person\",\"@id\":\"https:\\\/\\\/roxmedya.com.tr\\\/blog\\\/#\\\/schema\\\/person\\\/5320a07dcbe2b01a7ca8aa199c35e40c\",\"name\":\"U\u011fur \u00c7akar\",\"image\":{\"@type\":\"ImageObject\",\"inLanguage\":\"tr\",\"@id\":\"https:\\\/\\\/roxmedya.com.tr\\\/blog\\\/wp-content\\\/litespeed\\\/avatar\\\/894d1f2cb9c0a9f6ce7ec093e72324e0.jpg?ver=1777465425\",\"url\":\"https:\\\/\\\/roxmedya.com.tr\\\/blog\\\/wp-content\\\/litespeed\\\/avatar\\\/894d1f2cb9c0a9f6ce7ec093e72324e0.jpg?ver=1777465425\",\"contentUrl\":\"https:\\\/\\\/roxmedya.com.tr\\\/blog\\\/wp-content\\\/litespeed\\\/avatar\\\/894d1f2cb9c0a9f6ce7ec093e72324e0.jpg?ver=1777465425\",\"caption\":\"U\u011fur \u00c7akar\"},\"description\":\"RoxMedya blog edit\u00f6r\u00fc. Sosyal medya uzman\u0131. Sosyal medya hakk\u0131nda merak ettikleriniz ve ya\u015fad\u0131\u011f\u0131n\u0131z sorunlar \u00fczerine yazar. Teknolojideki son geli\u015fmeleri takip etmeyi sever. Ara\u015ft\u0131r\u0131r, \u00e7izer.\",\"url\":\"https:\\\/\\\/roxmedya.com.tr\\\/blog\\\/author\\\/roxmedya\\\/\"}]}<\/script>\n<!-- \/ Yoast SEO plugin. -->","yoast_head_json":{"title":"Instagram'da Ortak Payla\u015f\u0131m Nas\u0131l Yap\u0131l\u0131r? - RoxMedya","description":"Instagram'da ortak g\u00f6nderi payla\u015f\u0131m\u0131 nas\u0131l yap\u0131l\u0131r? Rehberimizle ortak payla\u015f\u0131m yapman\u0131n detaylar\u0131n\u0131 \u00f6\u011frenin. Detaylar i\u00e7in blogumuzu okuyun.","robots":{"index":"index","follow":"follow","max-snippet":"max-snippet:-1","max-image-preview":"max-image-preview:large","max-video-preview":"max-video-preview:-1"},"canonical":"https:\/\/roxmedya.com.tr\/blog\/instagramda-ortak-paylasim\/","og_locale":"tr_TR","og_type":"article","og_title":"Instagram'da Ortak Payla\u015f\u0131m Nas\u0131l Yap\u0131l\u0131r? - RoxMedya","og_description":"Instagram'da ortak g\u00f6nderi payla\u015f\u0131m\u0131 nas\u0131l yap\u0131l\u0131r? Rehberimizle ortak payla\u015f\u0131m yapman\u0131n detaylar\u0131n\u0131 \u00f6\u011frenin. Detaylar i\u00e7in blogumuzu okuyun.","og_url":"https:\/\/roxmedya.com.tr\/blog\/instagramda-ortak-paylasim\/","og_site_name":"RoxMedya Blog","article_published_time":"2025-04-23T07:00:03+00:00","article_modified_time":"2025-11-03T11:50:35+00:00","og_image":[{"width":1920,"height":1080,"url":"https:\/\/roxmedya.com.tr\/blog\/wp-content\/uploads\/2025\/04\/Instagramda-Ortak-Paylasim-Nasil-Yapilir.jpg","type":"image\/jpeg"}],"author":"U\u011fur \u00c7akar","twitter_card":"summary_large_image","twitter_misc":{"Yazan:":"U\u011fur \u00c7akar","Tahmini okuma s\u00fcresi":"7 dakika"},"schema":{"@context":"https:\/\/schema.org","@graph":[{"@type":"Article","@id":"https:\/\/roxmedya.com.tr\/blog\/instagramda-ortak-paylasim\/#article","isPartOf":{"@id":"https:\/\/roxmedya.com.tr\/blog\/instagramda-ortak-paylasim\/"},"author":{"name":"U\u011fur \u00c7akar","@id":"https:\/\/roxmedya.com.tr\/blog\/#\/schema\/person\/5320a07dcbe2b01a7ca8aa199c35e40c"},"headline":"Instagram&#8217;da Ortak Payla\u015f\u0131m Nas\u0131l Yap\u0131l\u0131r?","datePublished":"2025-04-23T07:00:03+00:00","dateModified":"2025-11-03T11:50:35+00:00","mainEntityOfPage":{"@id":"https:\/\/roxmedya.com.tr\/blog\/instagramda-ortak-paylasim\/"},"wordCount":1322,"commentCount":0,"publisher":{"@id":"https:\/\/roxmedya.com.tr\/blog\/#organization"},"image":{"@id":"https:\/\/roxmedya.com.tr\/blog\/instagramda-ortak-paylasim\/#primaryimage"},"thumbnailUrl":"https:\/\/roxmedya.com.tr\/blog\/wp-content\/uploads\/2025\/04\/Instagramda-Ortak-Paylasim-Nasil-Yapilir.jpg","articleSection":["Instagram","Nas\u0131l Yap\u0131l\u0131r?"],"inLanguage":"tr","potentialAction":[{"@type":"CommentAction","name":"Comment","target":["https:\/\/roxmedya.com.tr\/blog\/instagramda-ortak-paylasim\/#respond"]}]},{"@type":"WebPage","@id":"https:\/\/roxmedya.com.tr\/blog\/instagramda-ortak-paylasim\/","url":"https:\/\/roxmedya.com.tr\/blog\/instagramda-ortak-paylasim\/","name":"Instagram'da Ortak Payla\u015f\u0131m Nas\u0131l Yap\u0131l\u0131r? - RoxMedya","isPartOf":{"@id":"https:\/\/roxmedya.com.tr\/blog\/#website"},"primaryImageOfPage":{"@id":"https:\/\/roxmedya.com.tr\/blog\/instagramda-ortak-paylasim\/#primaryimage"},"image":{"@id":"https:\/\/roxmedya.com.tr\/blog\/instagramda-ortak-paylasim\/#primaryimage"},"thumbnailUrl":"https:\/\/roxmedya.com.tr\/blog\/wp-content\/uploads\/2025\/04\/Instagramda-Ortak-Paylasim-Nasil-Yapilir.jpg","datePublished":"2025-04-23T07:00:03+00:00","dateModified":"2025-11-03T11:50:35+00:00","description":"Instagram'da ortak g\u00f6nderi payla\u015f\u0131m\u0131 nas\u0131l yap\u0131l\u0131r? Rehberimizle ortak payla\u015f\u0131m yapman\u0131n detaylar\u0131n\u0131 \u00f6\u011frenin. Detaylar i\u00e7in blogumuzu okuyun.","breadcrumb":{"@id":"https:\/\/roxmedya.com.tr\/blog\/instagramda-ortak-paylasim\/#breadcrumb"},"inLanguage":"tr","potentialAction":[{"@type":"ReadAction","target":["https:\/\/roxmedya.com.tr\/blog\/instagramda-ortak-paylasim\/"]}]},{"@type":"ImageObject","inLanguage":"tr","@id":"https:\/\/roxmedya.com.tr\/blog\/instagramda-ortak-paylasim\/#primaryimage","url":"https:\/\/roxmedya.com.tr\/blog\/wp-content\/uploads\/2025\/04\/Instagramda-Ortak-Paylasim-Nasil-Yapilir.jpg","contentUrl":"https:\/\/roxmedya.com.tr\/blog\/wp-content\/uploads\/2025\/04\/Instagramda-Ortak-Paylasim-Nasil-Yapilir.jpg","width":1920,"height":1080,"caption":"Instagram'da Ortak Paylas\u0327\u0131m Nas\u0131l Yap\u0131l\u0131r?"},{"@type":"BreadcrumbList","@id":"https:\/\/roxmedya.com.tr\/blog\/instagramda-ortak-paylasim\/#breadcrumb","itemListElement":[{"@type":"ListItem","position":1,"name":"Anasayfa","item":"https:\/\/roxmedya.com.tr\/blog\/"},{"@type":"ListItem","position":2,"name":"Instagram&#8217;da Ortak Payla\u015f\u0131m Nas\u0131l Yap\u0131l\u0131r?"}]},{"@type":"WebSite","@id":"https:\/\/roxmedya.com.tr\/blog\/#website","url":"https:\/\/roxmedya.com.tr\/blog\/","name":"RoxMedya - Profesyonel Sosyal Medya Hizmetleri","description":"","publisher":{"@id":"https:\/\/roxmedya.com.tr\/blog\/#organization"},"potentialAction":[{"@type":"SearchAction","target":{"@type":"EntryPoint","urlTemplate":"https:\/\/roxmedya.com.tr\/blog\/?s={search_term_string}"},"query-input":{"@type":"PropertyValueSpecification","valueRequired":true,"valueName":"search_term_string"}}],"inLanguage":"tr"},{"@type":"Organization","@id":"https:\/\/roxmedya.com.tr\/blog\/#organization","name":"RoxMedya - Profesyonel Sosyal Medya Hizmetleri","url":"https:\/\/roxmedya.com.tr\/blog\/","logo":{"@type":"ImageObject","inLanguage":"tr","@id":"https:\/\/roxmedya.com.tr\/blog\/#\/schema\/logo\/image\/","url":"https:\/\/roxmedya.com.tr\/blog\/wp-content\/uploads\/2023\/12\/basliksiz-2-kurtarildi-112561-870937.png","contentUrl":"https:\/\/roxmedya.com.tr\/blog\/wp-content\/uploads\/2023\/12\/basliksiz-2-kurtarildi-112561-870937.png","width":1425,"height":310,"caption":"RoxMedya - Profesyonel Sosyal Medya Hizmetleri"},"image":{"@id":"https:\/\/roxmedya.com.tr\/blog\/#\/schema\/logo\/image\/"}},{"@type":"Person","@id":"https:\/\/roxmedya.com.tr\/blog\/#\/schema\/person\/5320a07dcbe2b01a7ca8aa199c35e40c","name":"U\u011fur \u00c7akar","image":{"@type":"ImageObject","inLanguage":"tr","@id":"https:\/\/roxmedya.com.tr\/blog\/wp-content\/litespeed\/avatar\/894d1f2cb9c0a9f6ce7ec093e72324e0.jpg?ver=1777465425","url":"https:\/\/roxmedya.com.tr\/blog\/wp-content\/litespeed\/avatar\/894d1f2cb9c0a9f6ce7ec093e72324e0.jpg?ver=1777465425","contentUrl":"https:\/\/roxmedya.com.tr\/blog\/wp-content\/litespeed\/avatar\/894d1f2cb9c0a9f6ce7ec093e72324e0.jpg?ver=1777465425","caption":"U\u011fur \u00c7akar"},"description":"RoxMedya blog edit\u00f6r\u00fc. Sosyal medya uzman\u0131. Sosyal medya hakk\u0131nda merak ettikleriniz ve ya\u015fad\u0131\u011f\u0131n\u0131z sorunlar \u00fczerine yazar. Teknolojideki son geli\u015fmeleri takip etmeyi sever. Ara\u015ft\u0131r\u0131r, \u00e7izer.","url":"https:\/\/roxmedya.com.tr\/blog\/author\/roxmedya\/"}]}},"_links":{"self":[{"href":"https:\/\/roxmedya.com.tr\/blog\/wp-json\/wp\/v2\/posts\/1355","targetHints":{"allow":["GET"]}}],"collection":[{"href":"https:\/\/roxmedya.com.tr\/blog\/wp-json\/wp\/v2\/posts"}],"about":[{"href":"https:\/\/roxmedya.com.tr\/blog\/wp-json\/wp\/v2\/types\/post"}],"author":[{"embeddable":true,"href":"https:\/\/roxmedya.com.tr\/blog\/wp-json\/wp\/v2\/users\/3"}],"replies":[{"embeddable":true,"href":"https:\/\/roxmedya.com.tr\/blog\/wp-json\/wp\/v2\/comments?post=1355"}],"version-history":[{"count":10,"href":"https:\/\/roxmedya.com.tr\/blog\/wp-json\/wp\/v2\/posts\/1355\/revisions"}],"predecessor-version":[{"id":1824,"href":"https:\/\/roxmedya.com.tr\/blog\/wp-json\/wp\/v2\/posts\/1355\/revisions\/1824"}],"wp:featuredmedia":[{"embeddable":true,"href":"https:\/\/roxmedya.com.tr\/blog\/wp-json\/wp\/v2\/media\/1364"}],"wp:attachment":[{"href":"https:\/\/roxmedya.com.tr\/blog\/wp-json\/wp\/v2\/media?parent=1355"}],"wp:term":[{"taxonomy":"category","embeddable":true,"href":"https:\/\/roxmedya.com.tr\/blog\/wp-json\/wp\/v2\/categories?post=1355"},{"taxonomy":"post_tag","embeddable":true,"href":"https:\/\/roxmedya.com.tr\/blog\/wp-json\/wp\/v2\/tags?post=1355"}],"curies":[{"name":"wp","href":"https:\/\/api.w.org\/{rel}","templated":true}]}}